{"id":192,"date":"2025-06-19T15:55:43","date_gmt":"2025-06-19T15:55:43","guid":{"rendered":"http:\/\/gerardozamora.com.ar\/?p=192"},"modified":"2025-07-18T17:32:32","modified_gmt":"2025-07-18T17:32:32","slug":"militancy-day-in-santiago-del-estero","status":"publish","type":"post","link":"https:\/\/gerardozamora.com.ar\/en\/militancy-day-in-santiago-del-estero\/","title":{"rendered":"Zamora announced the reactivation of halted national public works and the incorporation of new projects throughout the province"},"content":{"rendered":"<div class=\"wpb-content-wrapper\"><p>[vc_row][vc_column width=&#8221;5\/6&#8243; offset=&#8221;vc_col-lg-offset-1&#8243; woodmart_css_id=&#8221;67b5e092b3657&#8243; parallax_scroll=&#8221;no&#8221; woodmart_sticky_column=&#8221;false&#8221; wd_collapsible_content_switcher=&#8221;no&#8221; wd_column_role_offcanvas_desktop=&#8221;no&#8221; wd_column_role_offcanvas_tablet=&#8221;no&#8221; wd_column_role_offcanvas_mobile=&#8221;no&#8221; wd_column_role_content_desktop=&#8221;no&#8221; wd_column_role_content_tablet=&#8221;no&#8221; wd_column_role_content_mobile=&#8221;no&#8221; mobile_bg_img_hidden=&#8221;no&#8221; tablet_bg_img_hidden=&#8221;no&#8221; woodmart_parallax=&#8221;0&#8243; woodmart_box_shadow=&#8221;no&#8221; responsive_spacing=&#8221;eyJwYXJhbV90eXBlIjoid29vZG1hcnRfcmVzcG9uc2l2ZV9zcGFjaW5nIiwic2VsZWN0b3JfaWQiOiI2N2I1ZTA5MmIzNjU3Iiwic2hvcnRjb2RlIjoidmNfY29sdW1uIiwiZGF0YSI6eyJ0YWJsZXQiOnt9LCJtb2JpbGUiOnt9fX0=&#8221; mobile_reset_margin=&#8221;no&#8221; tablet_reset_margin=&#8221;no&#8221; wd_z_index=&#8221;no&#8221;][vc_column_text css=&#8221;&#8221; woodmart_inline=&#8221;no&#8221; text_larger=&#8221;no&#8221;]<span style=\"font-weight: 400;\">During a press conference held this afternoon at Government House, Governor Gerardo Zamora announced the reactivation of numerous public works across the province, many of which had been halted due to the lack of national funding. This initiative will enable the resumption of construction of more than 3,500 homes in Santiago del Estero. In addition, he announced the incorporation of new projects that will cover various regions throughout the province.<\/span><\/p>\n<p><span style=\"font-weight: 400;\">The works that will be restarted include the construction and completion of housing units, roadworks such as strategic routes and roads, comprehensive improvements to hospitals and health centers, as well as the expansion of aqueducts that will benefit thousands of families.<\/span><\/p>\n<h3><b>List of Announced Works, Distributed by Department<\/b><\/h3>\n<p><b>AGUIRRE<\/b><\/p>\n<ul>\n<li style=\"font-weight: 400;\" aria-level=\"1\"><span style=\"font-weight: 400;\">Construction of concrete pavement in Malbr\u00e1n and road improvements between Cuatro Esquinas and Santa Rosa, in Casares.<\/span>&nbsp;<\/li>\n<\/ul>\n<p><b>ALBERDI<\/b><\/p>\n<ul>\n<li style=\"font-weight: 400;\" aria-level=\"1\"><span style=\"font-weight: 400;\">Construction of a 13.2 kV power line for the intake from the La Patria Canal and nearby residents.<\/span>&nbsp;<\/li>\n<li style=\"font-weight: 400;\" aria-level=\"1\"><span style=\"font-weight: 400;\">Provision of electric power (540 kW) to the hospital in Campo Gallo.<\/span>&nbsp;<\/li>\n<li style=\"font-weight: 400;\" aria-level=\"1\"><span style=\"font-weight: 400;\">Gravel surfacing of the road connecting Campo Gallo with Huachana.<\/span>&nbsp;<\/li>\n<\/ul>\n<p><b>ATAMISQUI<\/b><\/p>\n<ul>\n<li style=\"font-weight: 400;\" aria-level=\"1\"><span style=\"font-weight: 400;\">Provision of three-phase electric power to School No. 465 in Codo Viejo.<\/span>&nbsp;<\/li>\n<li style=\"font-weight: 400;\" aria-level=\"1\"><span style=\"font-weight: 400;\">New building for the Medell\u00edn Secondary School.<\/span>&nbsp;<\/li>\n<li style=\"font-weight: 400;\" aria-level=\"1\"><span style=\"font-weight: 400;\">New building for School No. 1075 Guanaco Sombreana.<\/span>&nbsp;<\/li>\n<li style=\"font-weight: 400;\" aria-level=\"1\"><span style=\"font-weight: 400;\">New building for Educational Group No. 86150, Estaci\u00f3n Atamisqui.<\/span>&nbsp;<\/li>\n<li style=\"font-weight: 400;\" aria-level=\"1\"><span style=\"font-weight: 400;\">New building for School No. 471 and Kindergarten No. 757, Simbol Pozo.<\/span>&nbsp;<\/li>\n<\/ul>\n<p><b>BANDA<\/b><\/p>\n<ul>\n<li style=\"font-weight: 400;\" aria-level=\"1\"><span style=\"font-weight: 400;\">Construction of 2,086 homes in La Banda: 1,384 in Mama Antula III neighborhood and 702 in San Carlos neighborhood.<\/span>&nbsp;<\/li>\n<li style=\"font-weight: 400;\" aria-level=\"1\"><span style=\"font-weight: 400;\">Provision of low-voltage electricity to an export establishment in Clodomira.<\/span>&nbsp;<\/li>\n<li style=\"font-weight: 400;\" aria-level=\"1\"><span style=\"font-weight: 400;\">Provision of electricity to residents of Colonia Rasqu\u00edn.<\/span>&nbsp;<\/li>\n<li style=\"font-weight: 400;\" aria-level=\"1\"><span style=\"font-weight: 400;\">Road improvements with the Municipal Commissions of La Aurora, El Aibe, Ca\u00f1ada Escobar, and Los Quiroga.<\/span>&nbsp;<\/li>\n<li style=\"font-weight: 400;\" aria-level=\"1\"><span style=\"font-weight: 400;\">Improvements to the Palma\u2013Pozo Antilo roads and neighborhood roads in La Aurora, El Aibe, Ca\u00f1ada Escobar, and La Tapa.<\/span>&nbsp;<\/li>\n<li style=\"font-weight: 400;\" aria-level=\"1\"><span style=\"font-weight: 400;\">Gravel surfacing of the Los Quiroga \u2013 Route 34 section.<\/span>&nbsp;<\/li>\n<li style=\"font-weight: 400;\" aria-level=\"1\"><span style=\"font-weight: 400;\">Construction of road and electrical infrastructure in La Isla Industrial Park, La Banda.<\/span>&nbsp;<\/li>\n<li style=\"font-weight: 400;\" aria-level=\"1\"><span style=\"font-weight: 400;\">Improvements to the road connecting La Granja, San Juan, and San Lorenzo.<\/span>&nbsp;<\/li>\n<li style=\"font-weight: 400;\" aria-level=\"1\"><span style=\"font-weight: 400;\">Road improvements in Negra Muerta.<\/span>&nbsp;<\/li>\n<li style=\"font-weight: 400;\" aria-level=\"1\"><span style=\"font-weight: 400;\">Clearing and stump removal on provincial routes 51, 1, and 8.<\/span>&nbsp;<\/li>\n<li style=\"font-weight: 400;\" aria-level=\"1\"><span style=\"font-weight: 400;\">Route 8: Gramilla\u2013Ardiles section.<\/span>&nbsp;<\/li>\n<li style=\"font-weight: 400;\" aria-level=\"1\"><span style=\"font-weight: 400;\">New building for School No. 284, Santa Elena.<\/span>&nbsp;<\/li>\n<li style=\"font-weight: 400;\" aria-level=\"1\"><span style=\"font-weight: 400;\">New building for School No. 1036 and Kindergarten, La Falda.<\/span>&nbsp;<\/li>\n<li style=\"font-weight: 400;\" aria-level=\"1\"><span style=\"font-weight: 400;\">UPA (Primary Care Unit) No. 1 El Cruce, Barrio 17 de Octubre, La Banda.<\/span>&nbsp;<\/li>\n<\/ul>\n<p><b>BELGRANO<\/b><\/p>\n<ul>\n<li style=\"font-weight: 400;\" aria-level=\"1\"><span style=\"font-weight: 400;\">Expansion of the transformer station in Bandera (Belgrano).<\/span>&nbsp;<\/li>\n<li style=\"font-weight: 400;\" aria-level=\"1\"><span style=\"font-weight: 400;\">Water infrastructure work in Guardia Escolta.<\/span>&nbsp;<\/li>\n<li style=\"font-weight: 400;\" aria-level=\"1\"><span style=\"font-weight: 400;\">Water infrastructure work in Fort\u00edn Inca.<\/span>&nbsp;<\/li>\n<li style=\"font-weight: 400;\" aria-level=\"1\"><span style=\"font-weight: 400;\">New building for School No. 751, Bandera.<\/span>&nbsp;<\/li>\n<\/ul>\n<p><b>CAPITAL<\/b><\/p>\n<ul>\n<li style=\"font-weight: 400;\" aria-level=\"1\"><span style=\"font-weight: 400;\">Provision of 320 meters of low-voltage three-phase power line to residents of Los Mojones.<\/span>&nbsp;<\/li>\n<li style=\"font-weight: 400;\" aria-level=\"1\"><span style=\"font-weight: 400;\">Installation of domestic natural gas service in 50 kindergartens in Capital.<\/span>&nbsp;<\/li>\n<li style=\"font-weight: 400;\" aria-level=\"1\"><span style=\"font-weight: 400;\">Installation of internal gas systems in 30 schools and kindergartens in Capital and La Banda.<\/span>&nbsp;<\/li>\n<li style=\"font-weight: 400;\" aria-level=\"1\"><span style=\"font-weight: 400;\">New building for School No. 31 \u201cPedro Pablo Gorostiaga,\u201d Capital City.<\/span>&nbsp;<\/li>\n<li style=\"font-weight: 400;\" aria-level=\"1\"><span style=\"font-weight: 400;\">New building for School No. 23, Belgrano neighborhood, Capital City.<\/span>&nbsp;<\/li>\n<li style=\"font-weight: 400;\" aria-level=\"1\"><span style=\"font-weight: 400;\">New building for Kindergarten No. 93 \u201cGrillitos,\u201d Almirante Brown neighborhood, Santiago del Estero.<\/span>&nbsp;<\/li>\n<li style=\"font-weight: 400;\" aria-level=\"1\"><span style=\"font-weight: 400;\">New building for Technical School No. 8, Santiago del Estero.<\/span>&nbsp;<\/li>\n<li style=\"font-weight: 400;\" aria-level=\"1\"><span style=\"font-weight: 400;\">New building for School No. 788 and Kindergarten No. 307, Los Morales.<\/span>&nbsp;<\/li>\n<li style=\"font-weight: 400;\" aria-level=\"1\"><span style=\"font-weight: 400;\">New building for School No. 22 \u201cAbsal\u00f3n Ibarra,\u201d Almirante Brown neighborhood, Capital City.<\/span>&nbsp;<\/li>\n<li style=\"font-weight: 400;\" aria-level=\"1\"><span style=\"font-weight: 400;\">UPA No. 15, Tradici\u00f3n neighborhood, Capital City.<\/span>&nbsp;<\/li>\n<li style=\"font-weight: 400;\" aria-level=\"1\"><span style=\"font-weight: 400;\">Dr. Enrique Demar\u00eda Ophthalmology Hospital, Capital City.<\/span>&nbsp;<\/li>\n<li style=\"font-weight: 400;\" aria-level=\"1\"><span style=\"font-weight: 400;\">UPA, Reconquista neighborhood, Capital City.<\/span>&nbsp;<\/li>\n<li style=\"font-weight: 400;\" aria-level=\"1\"><span style=\"font-weight: 400;\">Health Post in Los Pocitos.<\/span>&nbsp;<\/li>\n<li style=\"font-weight: 400;\" aria-level=\"1\"><span style=\"font-weight: 400;\">Health Post in Do\u00f1a Luisa.<\/span>&nbsp;<\/li>\n<li style=\"font-weight: 400;\" aria-level=\"1\"><span style=\"font-weight: 400;\">1,102 housing units in Capital.<\/span>&nbsp;<\/li>\n<\/ul>\n<p><b>COPO<\/b><\/p>\n<ul>\n<li style=\"font-weight: 400;\" aria-level=\"1\"><span style=\"font-weight: 400;\">Water infrastructure work in Monte Quemado.<\/span>&nbsp;<\/li>\n<li style=\"font-weight: 400;\" aria-level=\"1\"><span style=\"font-weight: 400;\">Improvements to Provincial Route No. 4 from San Jos\u00e9 del Boquer\u00f3n to Vinal Sun\u00ed.<\/span>&nbsp;<\/li>\n<li style=\"font-weight: 400;\" aria-level=\"1\"><span style=\"font-weight: 400;\">Hospital in Pampa de los Guanacos.<\/span>&nbsp;<\/li>\n<\/ul>\n<p><b>CHOYA<\/b><\/p>\n<ul>\n<li style=\"font-weight: 400;\" aria-level=\"1\"><span style=\"font-weight: 400;\">Installation of a 13.2 kV line and three-phase low-voltage line to pumping well in Zanca, Sol de Mayo.<\/span>&nbsp;<\/li>\n<li style=\"font-weight: 400;\" aria-level=\"1\"><span style=\"font-weight: 400;\">New building for School No. 1030 and annexed Kindergarten, San Rafael.<\/span>&nbsp;<\/li>\n<\/ul>\n<p><b>FIGUEROA<\/b><\/p>\n<ul>\n<li style=\"font-weight: 400;\" aria-level=\"1\"><span style=\"font-weight: 400;\">Refurbishment of the water treatment plant and distribution network in Bandera Bajada.<\/span>&nbsp;<\/li>\n<li style=\"font-weight: 400;\" aria-level=\"1\"><span style=\"font-weight: 400;\">Water treatment and distribution plants in Vaca Hua\u00f1una and Bajo Sequeira.<\/span>&nbsp;<\/li>\n<li style=\"font-weight: 400;\" aria-level=\"1\"><span style=\"font-weight: 400;\">Road improvements: La Tapa\u2013La Ramada with El Cruce Municipal Commission.<\/span>&nbsp;<\/li>\n<li style=\"font-weight: 400;\" aria-level=\"1\"><span style=\"font-weight: 400;\">Improvements to the road connecting Bandera Bajada \u2013 Card\u00f3n Esquina \u2013 San Francisco \u2013 Provincial Route No. 5.<\/span>&nbsp;<\/li>\n<li style=\"font-weight: 400;\" aria-level=\"1\"><span style=\"font-weight: 400;\">Improvements to Provincial Route No. 2: Bandera Bajada \u2013 Totorilla \u2013 El Quemado.<\/span>&nbsp;<\/li>\n<li style=\"font-weight: 400;\" aria-level=\"1\"><span style=\"font-weight: 400;\">Reconstruction of 7 km of Route 5 near Caspi Corral.<\/span>&nbsp;<\/li>\n<li style=\"font-weight: 400;\" aria-level=\"1\"><span style=\"font-weight: 400;\">Reconstruction of Route 21: Rodeana \u2013 La Ca\u00f1ada.<\/span>&nbsp;<\/li>\n<li style=\"font-weight: 400;\" aria-level=\"1\"><span style=\"font-weight: 400;\">New building for School Nueva Villa Figueroa.<\/span>&nbsp;<\/li>\n<\/ul>\n<p><b>GENERAL TABOADA<\/b><\/p>\n<ul>\n<li style=\"font-weight: 400;\" aria-level=\"1\"><span style=\"font-weight: 400;\">Water infrastructure work in Aver\u00edas.<\/span>&nbsp;<\/li>\n<li style=\"font-weight: 400;\" aria-level=\"1\"><span style=\"font-weight: 400;\">Road improvement from Taca\u00f1itas to Tomas Young.<\/span>&nbsp;<\/li>\n<\/ul>\n<p><b>IBARRA<\/b><\/p>\n<ul>\n<li style=\"font-weight: 400;\" aria-level=\"1\"><span style=\"font-weight: 400;\">Southeastern Aqueduct (Phase 1).<\/span>&nbsp;<\/li>\n<\/ul>\n<p><b>JIM\u00c9NEZ<\/b><\/p>\n<ul>\n<li style=\"font-weight: 400;\" aria-level=\"1\"><span style=\"font-weight: 400;\">Construction of 13.2 kV and low-voltage lines for Toro Pozo.<\/span>&nbsp;<\/li>\n<li style=\"font-weight: 400;\" aria-level=\"1\"><span style=\"font-weight: 400;\">Road improvements: Pozo Hondo to Cashico (Phase 2).<\/span>&nbsp;<\/li>\n<\/ul>\n<p><b>LORETO<\/b><\/p>\n<ul>\n<li style=\"font-weight: 400;\" aria-level=\"1\"><span style=\"font-weight: 400;\">Road improvements: Loreto \u2013 Beltr\u00e1n \u2013 Campo Amor (Phase 3).<\/span>&nbsp;<\/li>\n<li style=\"font-weight: 400;\" aria-level=\"1\"><span style=\"font-weight: 400;\">New building for School No. 258 \u201cPedro Jos\u00e9 Far\u00edas,\u201d Km 83.<\/span>&nbsp;<\/li>\n<\/ul>\n<p><b>MITRE<\/b><\/p>\n<ul>\n<li style=\"font-weight: 400;\" aria-level=\"1\"><span style=\"font-weight: 400;\">Water treatment and distribution plants in Villa Uni\u00f3n.<\/span>&nbsp;<\/li>\n<\/ul>\n<p><b>MORENO<\/b><\/p>\n<ul>\n<li style=\"font-weight: 400;\" aria-level=\"1\"><span style=\"font-weight: 400;\">Extension of low-voltage network for families in Alhuampa.<\/span>&nbsp;<\/li>\n<li style=\"font-weight: 400;\" aria-level=\"1\"><span style=\"font-weight: 400;\">New building for School No. 180 and Kindergarten No. 810, Santos Lugares.<\/span>&nbsp;<\/li>\n<li style=\"font-weight: 400;\" aria-level=\"1\"><span style=\"font-weight: 400;\">New building for School No. 1057, Granadero Gatica.<\/span>&nbsp;<\/li>\n<li style=\"font-weight: 400;\" aria-level=\"1\"><span style=\"font-weight: 400;\">New building for School No. 173, Amam\u00e1.<\/span>&nbsp;<\/li>\n<li style=\"font-weight: 400;\" aria-level=\"1\"><span style=\"font-weight: 400;\">60 homes in Quimil\u00ed.<\/span>&nbsp;<\/li>\n<\/ul>\n<p><b>OJO DE AGUA<\/b><\/p>\n<ul>\n<li style=\"font-weight: 400;\" aria-level=\"1\"><span style=\"font-weight: 400;\">Construction of the Route Sumampa\u2013Sol de Julio\u2013C\u00f3rdoba border.<\/span>&nbsp;<\/li>\n<li style=\"font-weight: 400;\" aria-level=\"1\"><span style=\"font-weight: 400;\">New building for School No. 51, Ambargasta.<\/span>&nbsp;<\/li>\n<li style=\"font-weight: 400;\" aria-level=\"1\"><span style=\"font-weight: 400;\">New building for School No. 362, La Chilquita.<\/span>&nbsp;<\/li>\n<\/ul>\n<p><b>PELLEGRINI<\/b><\/p>\n<ul>\n<li style=\"font-weight: 400;\" aria-level=\"1\"><span style=\"font-weight: 400;\">Provision of electricity to pumping plant in Pellegrini Department.<\/span>&nbsp;<\/li>\n<li style=\"font-weight: 400;\" aria-level=\"1\"><span style=\"font-weight: 400;\">Electricity supply from Villa Atamisqui to Caloj and installation of a second 33 kV circuit from the Pellegrini\u2013Nueva Esperanza transformer station (Atamisqui, Avellaneda, and Pellegrini).<\/span>&nbsp;<\/li>\n<li style=\"font-weight: 400;\" aria-level=\"1\"><span style=\"font-weight: 400;\">Water infrastructure work in Ah\u00ed Veremos.<\/span>&nbsp;<\/li>\n<li style=\"font-weight: 400;\" aria-level=\"1\"><span style=\"font-weight: 400;\">Road improvement from Ah\u00ed Veremos to the Salta border.<\/span>&nbsp;<\/li>\n<li style=\"font-weight: 400;\" aria-level=\"1\"><span style=\"font-weight: 400;\">Clearing and grading of Route 176 from La Aurora (Banda) to Las Delicias (Pellegrini).<\/span>&nbsp;<\/li>\n<\/ul>\n<p><b>R\u00cdO HONDO<\/b><\/p>\n<ul>\n<li style=\"font-weight: 400;\" aria-level=\"1\"><span style=\"font-weight: 400;\">Removal of medium- and low-voltage lines on National Route No. 9 and upgrades to the 13.2 kV network, low-voltage and public lighting in Las Termas.<\/span>&nbsp;<\/li>\n<li style=\"font-weight: 400;\" aria-level=\"1\"><span style=\"font-weight: 400;\">13.2 kV aerial and underground power supply to the new bus terminal in Las Termas de R\u00edo Hondo.<\/span>&nbsp;<\/li>\n<li style=\"font-weight: 400;\" aria-level=\"1\"><span style=\"font-weight: 400;\">Expansion of Termas Norte\u2013Estancia Vieja transformer station.<\/span>&nbsp;<\/li>\n<li style=\"font-weight: 400;\" aria-level=\"1\"><span style=\"font-weight: 400;\">102 homes in Las Termas de R\u00edo Hondo.<\/span>&nbsp;<\/li>\n<li style=\"font-weight: 400;\" aria-level=\"1\"><span style=\"font-weight: 400;\">20 homes in Mansupa.<\/span>&nbsp;<\/li>\n<\/ul>\n<p><b>RIVADAVIA<\/b><\/p>\n<ul>\n<li style=\"font-weight: 400;\" aria-level=\"1\"><span style=\"font-weight: 400;\">100 homes in Selva.<\/span>&nbsp;<\/li>\n<\/ul>\n<p><b>ROBLES<\/b><\/p>\n<ul>\n<li style=\"font-weight: 400;\" aria-level=\"1\"><span style=\"font-weight: 400;\">Provision of electricity to pumping plant in Robles Department.<\/span>&nbsp;<\/li>\n<li style=\"font-weight: 400;\" aria-level=\"1\"><span style=\"font-weight: 400;\">Water treatment and distribution plants in San Juan, San Jos\u00e9 de Flores, and Las Delicias.<\/span>&nbsp;<\/li>\n<li style=\"font-weight: 400;\" aria-level=\"1\"><span style=\"font-weight: 400;\">100 homes in Fern\u00e1ndez.<\/span>&nbsp;<\/li>\n<\/ul>\n<p><b>SALAVINA<\/b><\/p>\n<ul>\n<li style=\"font-weight: 400;\" aria-level=\"1\"><span style=\"font-weight: 400;\">New building for Konrad Adenauer Secondary School, Villa Salavina.<\/span>&nbsp;<\/li>\n<\/ul>\n<p><b>SIL\u00cdPICA<\/b><\/p>\n<ul>\n<li style=\"font-weight: 400;\" aria-level=\"1\"><span style=\"font-weight: 400;\">San Isidro\u2013El Simbol Aqueduct.<\/span>&nbsp;<\/li>\n<li style=\"font-weight: 400;\" aria-level=\"1\"><span style=\"font-weight: 400;\">Lighting access to Mama Antula Parish.<\/span>&nbsp;<\/li>\n<li style=\"font-weight: 400;\" aria-level=\"1\"><span style=\"font-weight: 400;\">Manogasta\u2013Upianita Aqueduct.<\/span>&nbsp;<\/li>\n<\/ul>\n<p><b>In addition:<\/b><\/p>\n<ul>\n<li style=\"font-weight: 400;\" aria-level=\"1\"><span style=\"font-weight: 400;\">Ten public tenders will be issued for infrastructure works and connections in Capital, La Banda, Las Termas, Fern\u00e1ndez, and Selva.<\/span>&nbsp;<\/li>\n<li style=\"font-weight: 400;\" aria-level=\"1\"><span style=\"font-weight: 400;\">Maintenance of public lighting on provincial routes 208, 51, 1, 5, 28, 29, 26, 3, and 8 in areas of R\u00edo Hondo, Capital, and Banda.<\/span>&nbsp;<\/li>\n<li style=\"font-weight: 400;\" aria-level=\"1\"><span style=\"font-weight: 400;\">250 blocks of urban pavement in various localities.<\/span>&nbsp;<\/li>\n<li style=\"font-weight: 400;\" aria-level=\"1\"><span style=\"font-weight: 400;\">Maintenance of 150 km of irrigation canals in the Dulce River system.<\/span>&nbsp;<\/li>\n<li style=\"font-weight: 400;\" aria-level=\"1\"><span style=\"font-weight: 400;\">A total of <\/span><b>3,570 homes<\/b><span style=\"font-weight: 400;\"> will be built across the province.<\/span><\/li>\n<\/ul>\n<p><b>REF.: <\/b><span style=\"font-weight: 400;\">https:\/\/sde.gob.ar\/2025\/06\/19\/zamora-anuncio-la-reactivacion-de-obras-publicas-nacionales-paralizadas-y-la-incorporacion-de-nuevos-proyectos-en-toda-la-provincia\/<\/span>[\/vc_column_text][\/vc_column][\/vc_row]<\/p>\n<\/div>","protected":false},"excerpt":{"rendered":"<p>In times of great uncertainty and amid a regrettable economic crisis affecting the Republic of Argentina&#8230;<\/p>\n","protected":false},"author":2,"featured_media":258,"comment_status":"closed","ping_status":"closed","sticky":false,"template":"","format":"standard","meta":{"footnotes":""},"categories":[19],"tags":[],"class_list":["post-192","post","type-post","status-publish","format-standard","has-post-thumbnail","hentry","category-news"],"_links":{"self":[{"href":"https:\/\/gerardozamora.com.ar\/en\/wp-json\/wp\/v2\/posts\/192","targetHints":{"allow":["GET"]}}],"collection":[{"href":"https:\/\/gerardozamora.com.ar\/en\/wp-json\/wp\/v2\/posts"}],"about":[{"href":"https:\/\/gerardozamora.com.ar\/en\/wp-json\/wp\/v2\/types\/post"}],"author":[{"embeddable":true,"href":"https:\/\/gerardozamora.com.ar\/en\/wp-json\/wp\/v2\/users\/2"}],"replies":[{"embeddable":true,"href":"https:\/\/gerardozamora.com.ar\/en\/wp-json\/wp\/v2\/comments?post=192"}],"version-history":[{"count":3,"href":"https:\/\/gerardozamora.com.ar\/en\/wp-json\/wp\/v2\/posts\/192\/revisions"}],"predecessor-version":[{"id":260,"href":"https:\/\/gerardozamora.com.ar\/en\/wp-json\/wp\/v2\/posts\/192\/revisions\/260"}],"wp:featuredmedia":[{"embeddable":true,"href":"https:\/\/gerardozamora.com.ar\/en\/wp-json\/wp\/v2\/media\/258"}],"wp:attachment":[{"href":"https:\/\/gerardozamora.com.ar\/en\/wp-json\/wp\/v2\/media?parent=192"}],"wp:term":[{"taxonomy":"category","embeddable":true,"href":"https:\/\/gerardozamora.com.ar\/en\/wp-json\/wp\/v2\/categories?post=192"},{"taxonomy":"post_tag","embeddable":true,"href":"https:\/\/gerardozamora.com.ar\/en\/wp-json\/wp\/v2\/tags?post=192"}],"curies":[{"name":"wp","href":"https:\/\/api.w.org\/{rel}","templated":true}]}}